{"id":19817,"date":"2024-07-25T10:00:50","date_gmt":"2024-07-25T08:00:50","guid":{"rendered":"https:\/\/www.sbl.eu\/non-classe\/corporate-law-attractiveness-law-new-features-for-the-fall\/"},"modified":"2024-07-25T11:05:03","modified_gmt":"2024-07-25T09:05:03","slug":"droit-des-societes-loi-attractivite-des-nouveautes-pour-la-rentree","status":"publish","type":"post","link":"https:\/\/www.sbl.eu\/fr\/nos-news\/droit-des-societes-loi-attractivite-des-nouveautes-pour-la-rentree\/","title":{"rendered":"Droit des soci\u00e9t\u00e9s | Loi Attractivit\u00e9 : des nouveaut\u00e9s pour la rentr\u00e9e !"},"content":{"rendered":"<p style=\"text-align: center;\"><strong>La LOI n\u00b0 2024-537 du 13 juin 2024 ayant pour but d\u2019accro\u00eetre le financement des entreprises fran\u00e7aises et l&#8217;attractivit\u00e9 de la France (dite <em>Loi Attractivit\u00e9<\/em>) a \u00e9t\u00e9 publi\u00e9e au Journal officiel du 14 juin 2024.<\/strong><br \/>\n<strong>Notre FlashNews pour en savoir l&#8217;essentiel.<\/strong><\/p>\n<p>Ce dispositif, visant notamment \u00e0 simplifier l\u2019organisation interne des entreprises fran\u00e7aises, pr\u00e9voit diff\u00e9rentes mesures parmi lesquelles des nouveaut\u00e9s concernant les modalit\u00e9s de consultation des associ\u00e9s et des organes de direction des soci\u00e9t\u00e9s commerciales.<\/p>\n<p>Attention, ces nouvelles mesures ne sont pas imm\u00e9diatement applicables puisqu\u2019il faudra attendre que la date d\u2019entr\u00e9e en vigueur soit fix\u00e9e par d\u00e9cret, ce qui devrait intervenir au plus tard le 13 septembre 2024.<\/p>\n<p>En ce qui concerne plus particuli\u00e8rement les soci\u00e9t\u00e9s par actions non cot\u00e9es, le nouvel article L. 225-103-1 du Code de commerce \u00e9tend aux assembl\u00e9es sp\u00e9ciales la facult\u00e9 de pr\u00e9voir dans les statuts que les r\u00e9unions puissent se tenir exclusivement par un moyen de t\u00e9l\u00e9communication permettant l&#8217;identification des actionnaires. De plus, le l\u00e9gislateur a voulu limiter la possibilit\u00e9 des associ\u00e9s de s\u2019opposer \u00e0 la tenue d\u2019une assembl\u00e9e g\u00e9n\u00e9rale extraordinaire totalement d\u00e9mat\u00e9rialis\u00e9e en augmentant le seuil minimum de d\u00e9tention du capital social requis pour pouvoir s\u2019y opposer \u00e0 25% du capital social (contre 5 % auparavant).<\/p>\n<p>Des r\u00e8gles sp\u00e9cifiques ont \u00e9galement \u00e9t\u00e9 adopt\u00e9es pour chacune des formes sociales de soci\u00e9t\u00e9s par actions non cot\u00e9es.<\/p>\n<p>Pour les soci\u00e9t\u00e9s \u00e0 responsabilit\u00e9 limit\u00e9e, le nouvel article L.223-27 du Code de Commerce \u00e9tend la facult\u00e9 d\u2019opter pour la consultation \u00e9crite ou l\u2019acte unanime, y compris par voie \u00e9lectronique, \u00e0 toutes les d\u00e9cisions collectives, sans exception. Il sera \u00e9galement possible de voter aux assembl\u00e9es par correspondance, sous r\u00e9serve qu\u2019une clause des statuts l\u2019autorise et dans des conditions qui seront pr\u00e9cis\u00e9es par d\u00e9cret.<\/p>\n<p>Pour les soci\u00e9t\u00e9s anonymes et les soci\u00e9t\u00e9s en commandite par actions, les articles L. 225-37, L. 225-82 et L. 226-4 du Code Commerce pr\u00e9voient que :<\/p>\n<p>&#8211; le vote par correspondance des membres de conseil d\u2019administration et de conseil de surveillance est d\u00e9sormais autoris\u00e9, sous r\u00e9serve qu\u2019une clause statutaire le pr\u00e9voit et du respect de conditions qui seront fix\u00e9es prochainement par d\u00e9cret,<\/p>\n<p>&#8211; la consultation \u00e9crite est g\u00e9n\u00e9ralis\u00e9e pour les conseils de surveillance, sous r\u00e9serve qu\u2019une clause statutaire pr\u00e9voit que tout membre puisse s&#8217;opposer \u00e0 cette modalit\u00e9,<\/p>\n<p>&#8211; la participation aux conseils d\u2019administration et de surveillance des soci\u00e9t\u00e9 anonymes par un moyen de t\u00e9l\u00e9communication est g\u00e9n\u00e9ralis\u00e9e et \u00e9tendue aux d\u00e9cisions relatives \u00e0 l\u2019\u00e9tablissement ou au contr\u00f4le des comptes annuels (ou consolid\u00e9s). D\u00e9sormais ce ne sera qu\u2019en cas d\u2019interdiction expresse de recours \u00e0 ces outils, pr\u00e9vue dans les statuts, que les membres auront l\u2019obligation de tenir des r\u00e9unions en pr\u00e9sentiel. Attention, l\u2019interdiction de recourir \u00e0 des moyens de t\u00e9l\u00e9communication demeure pour les r\u00e9unions du conseil de surveillance des soci\u00e9t\u00e9s en commandite par actions.<\/p>\n<p style=\"text-align: center;\"><strong>***<\/strong><\/p>\n<p style=\"text-align: center;\"><strong>Pour plus de d\u00e9tails sur les nouveaut\u00e9s qui, \u00e0 compter de septembre, vous permettront de simplifier et moderniser les prises de d\u00e9cisions au sein de votre soci\u00e9t\u00e9 ainsi que sur les am\u00e9nagements statutaires n\u00e9cessaires, n\u2019h\u00e9sitez pas \u00e0 contacter notre \u00e9quipe corporate.<\/strong><\/p>\n<p>\u00ad<\/p>\n<p style=\"text-align: center;\"><a href=\"https:\/\/www.sbl.eu\/fr\/equipe\/philippe-a-schmidt\/\"><strong>Philippe Schmidt<\/strong><\/a><br \/>\n<a href=\"https:\/\/www.sbl.eu\/fr\/equipe\/aude-le-tannou\/\"><strong>Aude Le Tannou<\/strong><\/a><br \/>\n<a href=\"https:\/\/www.sbl.eu\/fr\/equipe\/sara-buonomo\/\"><strong>Sara Buonomo<\/strong><\/a><br \/>\n\u00ad<\/p>\n<div class=\"copy_photo\">Photo par Peggy et Marco Lachmann-Anke sur Pixabay<\/div>\n","protected":false},"excerpt":{"rendered":"<p>La LOI n\u00b0 2024-537 du 13 juin 2024 ayant pour but d\u2019accro\u00eetre le financement des entreprises fran\u00e7aises et l&#8217;attractivit\u00e9 de la France (dite Loi Attractivit\u00e9) a \u00e9t\u00e9 publi\u00e9e au Journal officiel du 14 juin 2024. Notre FlashNews pour en savoir l&#8217;essentiel. Ce dispositif, visant notamment \u00e0 simplifier l\u2019organisation interne des entreprises fran\u00e7aises, pr\u00e9voit diff\u00e9rentes mesures&#8230;<\/p>\n","protected":false},"author":1,"featured_media":19813,"comment_status":"closed","ping_status":"closed","sticky":false,"template":"","format":"standard","meta":{"footnotes":""},"categories":[101],"tags":[74,50,94],"class_list":["post-19817","post","type-post","status-publish","format-standard","has-post-thumbnail","hentry","category-nos-news","tag-aude-le-tannou","tag-philippe-a-schmidt","tag-sara-buonomo"],"_links":{"self":[{"href":"https:\/\/www.sbl.eu\/fr\/wp-json\/wp\/v2\/posts\/19817","targetHints":{"allow":["GET"]}}],"collection":[{"href":"https:\/\/www.sbl.eu\/fr\/wp-json\/wp\/v2\/posts"}],"about":[{"href":"https:\/\/www.sbl.eu\/fr\/wp-json\/wp\/v2\/types\/post"}],"author":[{"embeddable":true,"href":"https:\/\/www.sbl.eu\/fr\/wp-json\/wp\/v2\/users\/1"}],"replies":[{"embeddable":true,"href":"https:\/\/www.sbl.eu\/fr\/wp-json\/wp\/v2\/comments?post=19817"}],"version-history":[{"count":2,"href":"https:\/\/www.sbl.eu\/fr\/wp-json\/wp\/v2\/posts\/19817\/revisions"}],"predecessor-version":[{"id":19819,"href":"https:\/\/www.sbl.eu\/fr\/wp-json\/wp\/v2\/posts\/19817\/revisions\/19819"}],"wp:featuredmedia":[{"embeddable":true,"href":"https:\/\/www.sbl.eu\/fr\/wp-json\/wp\/v2\/media\/19813"}],"wp:attachment":[{"href":"https:\/\/www.sbl.eu\/fr\/wp-json\/wp\/v2\/media?parent=19817"}],"wp:term":[{"taxonomy":"category","embeddable":true,"href":"https:\/\/www.sbl.eu\/fr\/wp-json\/wp\/v2\/categories?post=19817"},{"taxonomy":"post_tag","embeddable":true,"href":"https:\/\/www.sbl.eu\/fr\/wp-json\/wp\/v2\/tags?post=19817"}],"curies":[{"name":"wp","href":"https:\/\/api.w.org\/{rel}","templated":true}]}}