{"id":19432,"date":"2023-11-30T10:01:04","date_gmt":"2023-11-30T08:01:04","guid":{"rendered":"https:\/\/www.sbl.eu\/non-classe\/intellectual-property-law-is-parasitism-a-solution-to-the-difficulty-of-protecting-perfumes\/"},"modified":"2025-01-28T12:56:09","modified_gmt":"2025-01-28T10:56:09","slug":"droit-de-la-propriete-intellectuelle-la-protection-difficile-des-parfums-laction-en-parasitisme-est-elle-une-solution","status":"publish","type":"post","link":"https:\/\/www.sbl.eu\/fr\/nos-news\/droit-de-la-propriete-intellectuelle-la-protection-difficile-des-parfums-laction-en-parasitisme-est-elle-une-solution\/","title":{"rendered":"Droit de la Propri\u00e9t\u00e9 Intellectuelle | La protection difficile des parfums, l&#8217;action en parasitisme est-elle une solution ?"},"content":{"rendered":"<p>En mati\u00e8re de propri\u00e9t\u00e9 intellectuelle, le parfum est un produit difficilement prot\u00e9geable par les droits privatifs, tels que le droit d&#8217;auteur (il est de jurisprudence constante que le parfum n&#8217;est pas une \u0153uvre de l&#8217;esprit), le dessin et mod\u00e8le (qui limite la protection \u00e0 l&#8217;apparence du flacon) et la marque (qui limite la protection \u00e0 la d\u00e9nomination du parfum).<br \/>\nSa protection repose alors principalement sur le secret de sa fabrication.<\/p>\n<p>C&#8217;est sur cette probl\u00e9matique que, le 20 septembre 2023, la Cour d&#8217;appel de Paris <em><strong>(1)<\/strong><\/em> a rendu une d\u00e9cision int\u00e9ressante qui semble rappeler que l&#8217;action judiciaire fond\u00e9e sur le parasitisme peut \u00eatre <u>un moyen efficace de d\u00e9fense globale des parfums<\/u>.<\/p>\n<p>En l&#8217;esp\u00e8ce, la Soci\u00e9t\u00e9 Guerlain a assign\u00e9 en juillet 2020 la Soci\u00e9t\u00e9 de droit belge PARIS ELYSEES DIFFUSION consid\u00e9rant que la commercialisation, en ligne, depuis 2015, de sa collection de parfums \u00ab <em>La Petite Fleur<\/em> \u00bb (d\u00e9clin\u00e9e sous plusieurs d\u00e9nominations) copiait des <u>\u00e9l\u00e9ments identificateurs<\/u> des parfums Guerlain \u00ab La Petite Robe Noire \u00bb et \u00ab Coque d&#8217;Or \u00bb.<\/p>\n<p>La Soci\u00e9t\u00e9 Guerlain demandait alors la cessation des ventes et l&#8217;indemnisation du pr\u00e9judice sur le fondement de l&#8217;article 1240 du Code civil, sanctionnant, notamment, les actes parasitaires.<\/p>\n<p>Le Tribunal de commerce de Paris, par sa d\u00e9cision du 12 juillet 2021 <em><strong>(2)<\/strong><\/em>, retenait les actes parasitaires, et ordonnait ainsi :<\/p>\n<p>&#8211; La cessation de la vente des produits litigieux sur le territoire fran\u00e7ais,<br \/>\n&#8211; L&#8217;indemnisation du pr\u00e9judice commercial \u00e0 hauteur de 594.000\u20ac, correspondant \u00e0 1% du budget publicitaire allou\u00e9 au parfum \u00ab La Petite Robe Noire \u00bb de Guerlain sur la p\u00e9riode litigieuse,<br \/>\n&#8211; L&#8217;indemnisation du pr\u00e9judice moral \u00e0 hauteur de 100.000\u20ac.<\/p>\n<p>La Cour a, quant \u00e0 elle, retenu que les flacons des parfums litigieux \u00e9taient le produit de la combinaison de la forme en n\u0153ud papillon du flacon \u00ab Coque d&#8217;Or \u00bb et de l&#8217;inspiration du nom et de l&#8217;identit\u00e9 visuelle du parfum \u00ab La Petite Robe Noire \u00bb.<\/p>\n<p>En effet elle a jug\u00e9 qu&#8217;ils reprenaient :<\/p>\n<p>&#8211; une silhouette f\u00e9minine dessin\u00e9e sans visage et portant une petite robe (ce qui n&#8217;\u00e9tait pas n\u00e9cessaire au regard du nom du parfum),<br \/>\n&#8211; l&#8217;univers de Paris et de la Tour Eiffel,<br \/>\n&#8211; les codes couleurs ros\u00e9s\/violets,<br \/>\n&#8211; les caract\u00e9ristiques visuelles essentielles du parfum \u00ab Coque d&#8217;Or \u00bb,<br \/>\n&#8211; qu&#8217;en outre le mot \u00ab Fleur \u00bb est \u00e9crit avec une majuscule comme le mot \u00ab Robe \u00bb.<\/p>\n<p>Ainsi, au regard du grand nombre de similitudes entre les produits litigieux et les parfums notoires de Guerlain, la Cour a consid\u00e9r\u00e9 que celles-ci ne pouvaient \u00eatre fortuites et lui permettaient ainsi de retenir le caract\u00e8re intentionnel des captations commises par la Soci\u00e9t\u00e9 Belge.<\/p>\n<p>Aussi, appr\u00e9ciant le pr\u00e9judice moral, la Cour retient que les actes de parasitisme ayant provoqu\u00e9 la dilution de la notori\u00e9t\u00e9 de deux de des parfums notoires de Guerlain, et port\u00e9 ainsi atteinte \u00e0 sa r\u00e9putation commerciale, la Soci\u00e9t\u00e9 Guerlain pouvait aux yeux du public \u00ab <strong><em>appara\u00eetre comme incapable de prot\u00e9ger les sp\u00e9cificit\u00e9s de ses parfums (\u2026) <\/em><\/strong>\u00bb.<\/p>\n<p>Cette analyse semble alors apporter aux exploitants de parfums un nouvel argument au soutien de leurs pr\u00e9tentions indemnitaires en r\u00e9paration de leur pr\u00e9judice moral r\u00e9sultant d&#8217;actes parasitaires.<\/p>\n<p>Les d\u00e9cisions futures nous \u00e9clairerons sur les limites de cette appr\u00e9ciation ; sera-t-elle r\u00e9serv\u00e9e aux <strong><u>parfums notoires<\/u><\/strong>, aux <strong><u>parfums<\/u><\/strong>, ou sera-t-elle applicable \u00e0 <strong><u>d&#8217;autres types de produits<\/u><\/strong> difficilement prot\u00e9geables par le droit de la propri\u00e9t\u00e9 intellectuelle ?<\/p>\n<p><em><strong>(1)<\/strong><\/em> CA Paris, P\u00f4le 5, 1e Chambre, 20 septembre 2023, n\u00b021\/19365.<br \/>\n<em><strong>(2)<\/strong><\/em> Tribunal de commerce de Paris, 12 juillet 2021, n\u00b0 2020029271.<\/p>\n<p style=\"text-align: center;\"><strong>***<\/strong><\/p>\n<p style=\"text-align: center;\"><strong>Pour toute question, contactez-nous :<\/strong><\/p>\n<p>\u00ad<\/p>\n<p style=\"text-align: center;\"><a href=\"https:\/\/www.sbl.eu\/fr\/equipe\/delphine-brunet-stoclet\/\"><strong>Delphine Brunet-Stoclet<\/strong><\/a><br \/>\n<a href=\"https:\/\/www.sbl.eu\/fr\/equipe\/marie-andre-nivet\/\"><strong>Marie Andr\u00e9-Nivet<\/strong><\/a><br \/>\n<a href=\"https:\/\/www.sbl.eu\/fr\/equipe\/lena-tordjman\/\"><strong>L\u00e9na Tordjman<\/strong><\/a><br \/>\n<strong style=\"color: #cab454;\">F\u00e9lix Bertrand<\/strong><br \/>\n\u00ad<\/p>\n","protected":false},"excerpt":{"rendered":"<p>En mati\u00e8re de propri\u00e9t\u00e9 intellectuelle, le parfum est un produit difficilement prot\u00e9geable par les droits privatifs, tels que le droit d&#8217;auteur (il est de jurisprudence constante que le parfum n&#8217;est pas une \u0153uvre de l&#8217;esprit), le dessin et mod\u00e8le (qui limite la protection \u00e0 l&#8217;apparence du flacon) et la marque (qui limite la protection \u00e0&#8230;<\/p>\n","protected":false},"author":1,"featured_media":19426,"comment_status":"closed","ping_status":"closed","sticky":false,"template":"","format":"standard","meta":{"footnotes":""},"categories":[101],"tags":[56,257,68],"class_list":["post-19432","post","type-post","status-publish","format-standard","has-post-thumbnail","hentry","category-nos-news","tag-delphine-brunet-stoclet","tag-lena-tordjman","tag-marie-andre-nivet"],"_links":{"self":[{"href":"https:\/\/www.sbl.eu\/fr\/wp-json\/wp\/v2\/posts\/19432","targetHints":{"allow":["GET"]}}],"collection":[{"href":"https:\/\/www.sbl.eu\/fr\/wp-json\/wp\/v2\/posts"}],"about":[{"href":"https:\/\/www.sbl.eu\/fr\/wp-json\/wp\/v2\/types\/post"}],"author":[{"embeddable":true,"href":"https:\/\/www.sbl.eu\/fr\/wp-json\/wp\/v2\/users\/1"}],"replies":[{"embeddable":true,"href":"https:\/\/www.sbl.eu\/fr\/wp-json\/wp\/v2\/comments?post=19432"}],"version-history":[{"count":4,"href":"https:\/\/www.sbl.eu\/fr\/wp-json\/wp\/v2\/posts\/19432\/revisions"}],"predecessor-version":[{"id":20000,"href":"https:\/\/www.sbl.eu\/fr\/wp-json\/wp\/v2\/posts\/19432\/revisions\/20000"}],"wp:featuredmedia":[{"embeddable":true,"href":"https:\/\/www.sbl.eu\/fr\/wp-json\/wp\/v2\/media\/19426"}],"wp:attachment":[{"href":"https:\/\/www.sbl.eu\/fr\/wp-json\/wp\/v2\/media?parent=19432"}],"wp:term":[{"taxonomy":"category","embeddable":true,"href":"https:\/\/www.sbl.eu\/fr\/wp-json\/wp\/v2\/categories?post=19432"},{"taxonomy":"post_tag","embeddable":true,"href":"https:\/\/www.sbl.eu\/fr\/wp-json\/wp\/v2\/tags?post=19432"}],"curies":[{"name":"wp","href":"https:\/\/api.w.org\/{rel}","templated":true}]}}