{"id":19331,"date":"2023-09-06T12:04:16","date_gmt":"2023-09-06T10:04:16","guid":{"rendered":"https:\/\/www.sbl.eu\/non-classe\/tf1-pays-tribute-to-the-morbier-pdo-and-our-legal-victory\/"},"modified":"2023-09-06T12:20:52","modified_gmt":"2023-09-06T10:20:52","slug":"tf1-rend-hommage-a-laop-du-fromage-morbier-et-a-notre-victoire-judiciaire","status":"publish","type":"post","link":"https:\/\/www.sbl.eu\/fr\/nos-operations\/tf1-rend-hommage-a-laop-du-fromage-morbier-et-a-notre-victoire-judiciaire\/","title":{"rendered":"TF1 rend hommage \u00e0 l&#8217;AOP du Fromage Morbier et \u00e0 notre victoire judiciaire !"},"content":{"rendered":"<p>En octobre 2022, la journaliste Marion Leclerc passait 48 h dans le Jura avec les acteurs du Syndicat du Morbier pour enqu\u00eater sur leur long combat contre les \u00ab copies \u00bb. Le 18 novembre 2022, la Cour d&#8217;Appel de Paris a finalement donn\u00e9 raison \u00e0 la fili\u00e8re Morbier. C&#8217;est cette histoire qui est racont\u00e9e dans l&#8217;\u00e9mission &#8220;Grands Reportages&#8221; du 2 septembre.<\/p>\n<p>Et c&#8217;est notre \u00e9quipe Propri\u00e9t\u00e9 Intellectuelle qui a assist\u00e9 le Syndicat Interprofessionnel de d\u00e9fense du fromage Morbier !<br \/>\nIl est d\u00e9sormais reconnu que l&#8217;AOP ne prot\u00e8ge pas uniquement la d\u00e9nomination enregistr\u00e9e, mais \u00e9galement la caract\u00e9ristique visuelle distinctive du produit couvert par l&#8217;AOP. Les producteurs de fromages AOP Morbier sont donc bien fond\u00e9s \u00e0 s&#8217;opposer \u00e0 la commercialisation de fromages reproduisant la ligne sombre, centrale et horizontale, caract\u00e9ristique de l&#8217;AOP Morbier, d\u00e8s lors cette reprise est de nature \u00e0 induire le consommateur en erreur.<\/p>\n<p>A regarder dans le replay, entre les minutes 33 et 41, puis entre les minutes 49 et 53, vous reconna\u00eetrez <a href=\"https:\/\/www.linkedin.com\/in\/ACoAAAQNUSEBkAN_z-yOA72ppqT-g-6VQgidV8o\" target=\"_blank\" rel=\"noopener\">Delphine Brunet-Stoclet<\/a> notre associ\u00e9e dans les caves, entour\u00e9e de 5000 fromages de Morbier, ainsi que de <a href=\"https:\/\/www.linkedin.com\/in\/ACoAAA_chlEBw33wgxDjhd_ANlNQ_JzaqHBq3Ug\" target=\"_blank\" rel=\"noopener\">Florence Arnaud<\/a>, directrice du Syndicat et Jo\u00ebl Alpy, pr\u00e9sident de l&#8217;AOP Morbier.<\/p>\n<p>Et pour toute question, contactez notre \u00e9quipe PI : <a href=\"https:\/\/www.linkedin.com\/in\/ACoAAACw42QBE30XoCd_7k6EesxuC6Oswh-RppQ\" target=\"_blank\" rel=\"noopener\">Marie Andre Nivet<\/a>, <a href=\"https:\/\/www.linkedin.com\/in\/ACoAABag_ycBS1DxaFdIcivWhpBJ1juTRrUP8NI\" target=\"_blank\" rel=\"noopener\">F\u00e9lix BERTRAND<\/a> et <a href=\"https:\/\/www.linkedin.com\/in\/ACoAAC5hQ2UB85S59linZBVWG23HqUawAmFIPmw\" target=\"_blank\" rel=\"noopener\">L\u00e9na Tordjman<\/a>.<\/p>\n<p><a href=\"https:\/\/www.tf1.fr\/tf1\/grands-reportages\/videos\/grands-reportages-du-2-septembre-2023-du-faux-dans-nos-assiettes-un-business-rentable-et-risque-pour-le-consommateur-62156116.html\" target=\"_blank\" rel=\"noopener\">> Replay<\/a><\/p>\n","protected":false},"excerpt":{"rendered":"<p>En octobre 2022, la journaliste Marion Leclerc passait 48 h dans le Jura avec les acteurs du Syndicat du Morbier pour enqu\u00eater sur leur long combat contre les \u00ab copies \u00bb. Le 18 novembre 2022, la Cour d&#8217;Appel de Paris a finalement donn\u00e9 raison \u00e0 la fili\u00e8re Morbier. C&#8217;est cette histoire qui est racont\u00e9e dans&#8230;<\/p>\n","protected":false},"author":1,"featured_media":19327,"comment_status":"closed","ping_status":"closed","sticky":false,"template":"","format":"standard","meta":{"footnotes":""},"categories":[53],"tags":[56,257,68],"class_list":["post-19331","post","type-post","status-publish","format-standard","has-post-thumbnail","hentry","category-nos-operations","tag-delphine-brunet-stoclet","tag-lena-tordjman","tag-marie-andre-nivet"],"_links":{"self":[{"href":"https:\/\/www.sbl.eu\/fr\/wp-json\/wp\/v2\/posts\/19331","targetHints":{"allow":["GET"]}}],"collection":[{"href":"https:\/\/www.sbl.eu\/fr\/wp-json\/wp\/v2\/posts"}],"about":[{"href":"https:\/\/www.sbl.eu\/fr\/wp-json\/wp\/v2\/types\/post"}],"author":[{"embeddable":true,"href":"https:\/\/www.sbl.eu\/fr\/wp-json\/wp\/v2\/users\/1"}],"replies":[{"embeddable":true,"href":"https:\/\/www.sbl.eu\/fr\/wp-json\/wp\/v2\/comments?post=19331"}],"version-history":[{"count":4,"href":"https:\/\/www.sbl.eu\/fr\/wp-json\/wp\/v2\/posts\/19331\/revisions"}],"predecessor-version":[{"id":19339,"href":"https:\/\/www.sbl.eu\/fr\/wp-json\/wp\/v2\/posts\/19331\/revisions\/19339"}],"wp:featuredmedia":[{"embeddable":true,"href":"https:\/\/www.sbl.eu\/fr\/wp-json\/wp\/v2\/media\/19327"}],"wp:attachment":[{"href":"https:\/\/www.sbl.eu\/fr\/wp-json\/wp\/v2\/media?parent=19331"}],"wp:term":[{"taxonomy":"category","embeddable":true,"href":"https:\/\/www.sbl.eu\/fr\/wp-json\/wp\/v2\/categories?post=19331"},{"taxonomy":"post_tag","embeddable":true,"href":"https:\/\/www.sbl.eu\/fr\/wp-json\/wp\/v2\/tags?post=19331"}],"curies":[{"name":"wp","href":"https:\/\/api.w.org\/{rel}","templated":true}]}}