{"id":18701,"date":"2022-10-06T10:02:28","date_gmt":"2022-10-06T08:02:28","guid":{"rendered":"https:\/\/www.sbl.eu\/non-classe\/french-tax-law-2023-plf-finance-bill-main-provisions-for-individuals-and-corporations\/"},"modified":"2022-10-05T16:06:58","modified_gmt":"2022-10-05T14:06:58","slug":"fiscalite-projet-de-loi-de-finances-plf-pour-2023-a-retenir-pour-les-particuliers-et-les-entreprises","status":"publish","type":"post","link":"https:\/\/www.sbl.eu\/fr\/nos-news\/fiscalite-projet-de-loi-de-finances-plf-pour-2023-a-retenir-pour-les-particuliers-et-les-entreprises\/","title":{"rendered":"Fiscalit\u00e9 | Projet de loi de finances (PLF) pour 2023 &#8211; \u00c0 retenir pour les particuliers et les entreprises"},"content":{"rendered":"<p><strong>Le projet de loi de finances 2023 a \u00e9t\u00e9 pr\u00e9sent\u00e9 lundi 26 septembre par Bruno Le Maire, ministre de l&#8217;\u00c9conomie, des Finances et de la Souverainet\u00e9 industrielle et num\u00e9rique, et Gabriel Attal, ministre d\u00e9l\u00e9gu\u00e9 charg\u00e9 des Comptes publics. Notre \u00e9quipe fiscale fait le point sur les mesures \u00e0 retenir pour les particuliers et les entreprises.<\/strong><\/p>\n<p>Les mesures pr\u00e9vues par le projet de loi de finances pour 2023 visent principalement \u00e0 limiter l&#8217;impact de l&#8217;inflation sur les foyers et inciter \u00e0 l&#8217;utilisation d&#8217;\u00e9nergies renouvelables.<\/p>\n<p><strong>Indexation sur l&#8217;inflation du bar\u00e8me de l&#8217;imp\u00f4t sur le revenu pour les revenus 2022 (article 2 du PLF)<\/strong><\/p>\n<p>Comme chaque ann\u00e9e mais plus particuli\u00e8rement pour 2022, afin de limiter l&#8217;impact de l&#8217;inflation sur le niveau d&#8217;imposition des m\u00e9nages, il est pr\u00e9vu d&#8217;indexer les tranches de revenus du bar\u00e8me de l&#8217;imp\u00f4t sur le revenu \u00e0 l&#8217;indice des prix \u00e0 la consommation, soit une hausse de 5,4% :<\/p>\n<p>&#8211; Taux de 11% : 10.777\u20ac au lieu de 10.225\u20ac ;<\/p>\n<p>&#8211; Taux de 30% : 27.478\u20ac au lieu de 26.070\u20ac ;<\/p>\n<p>&#8211; Taux de 41% : 78.570\u20ac au lieu de 74.545\u20ac ; et<\/p>\n<p>&#8211; Taux de 45% : 168.994\u20ac au lieu de 160.336\u20ac.<\/p>\n<p>Cette indexation devrait repr\u00e9senter une perte pour l&#8217;Etat de l&#8217;ordre de 6,2 milliards d&#8217;euros.<\/p>\n<p><strong>Suppression de la Cotisation sur la Valeur Ajout\u00e9e des Entreprises (article 5 du PLF)<\/strong><\/p>\n<p>Malgr\u00e9 l&#8217;adoption de la loi de finances pour 2021 qui avait r\u00e9duit de moiti\u00e9 le taux de la CVAE, les imp\u00f4ts de production en France restent parmi les plus \u00e9lev\u00e9s d&#8217;Europe et nuisent \u00e0 son attractivit\u00e9. Par ailleurs, cet imp\u00f4t p\u00e9nalise les entreprises qui ont besoin de renouveler r\u00e9guli\u00e8rement leur outil de production.<\/p>\n<p>Le PLF pr\u00e9voit donc la suppression de la CVAE en deux \u00e9tapes :<\/p>\n<p>&#8211; R\u00e9duction de moiti\u00e9 en 2023 ; et<\/p>\n<p>&#8211; Suppression d\u00e9finitive en 2024.<\/p>\n<p>Par ailleurs, le plafonnement de la contribution \u00e9conomique territoriale (CET) en fonction de la valeur ajout\u00e9e, devient un plafond de la seule cotisation fonci\u00e8re des entreprises et est abaiss\u00e9 \u00e0 1,625% en 2023 et 1,25% en 2024.<\/p>\n<p>Les collectivit\u00e9s, qui voient de fait leurs ressources diminuer, se verront affecter une fraction de la TVA.<\/p>\n<p><strong>Prorogation de la r\u00e9duction des tarifs d&#8217;accise sur l&#8217;\u00e9lectricit\u00e9 (article 6 du PLF)<\/strong><\/p>\n<p>De mani\u00e8re \u00e0 prolonger le volet fiscal du bouclier tarifaire, le gouvernement souhaite maintenir les droits d&#8217;accises aux niveaux minimums permis par le droit europ\u00e9en \u00e0 savoir 1\u20ac\/MWh pour les m\u00e9nages et 0,5\/MWh pour les entreprises.<\/p>\n<p>Les effets du bouclier tarifaire devraient \u00eatre amplifi\u00e9s \u00e0 compter du 1er f\u00e9vrier 2023 par l&#8217;int\u00e9gration de la taxe communale sur la consommation finale d&#8217;\u00e9lectricit\u00e9 aux droits d&#8217;accises. Cela permettra de r\u00e9duire la fiscalit\u00e9 de l&#8217;\u00e9lectricit\u00e9 de 6,76\u20ac\/MWh pour les m\u00e9nages et 2,25\u20ac\/MWh pour les PME.<\/p>\n<p><strong>Adaptation du syst\u00e8me fiscal aux exigences de la transition \u00e9nerg\u00e9tique (article 7 du PLF)<\/strong><\/p>\n<p>Cet article pr\u00e9voit plusieurs mesures :<\/p>\n<p>&#8211; l&#8217;extension du b\u00e9n\u00e9fice du dispositif d&#8217;\u00e9talement de l&#8217;imposition des aides pr\u00e9vu par l&#8217;article 42 septies du code g\u00e9n\u00e9ral des imp\u00f4ts (CGI) aux sommes vers\u00e9es par des entreprises dans le cadre du dispositif des certificats d&#8217;\u00e9conomie d&#8217;\u00e9nergie ;<\/p>\n<p>&#8211; l&#8217;actualisation et la rationalisation du champ d&#8217;application du taux r\u00e9duit de la TVA de 5,5 % aux travaux de r\u00e9novation \u00e9nerg\u00e9tique des logements ainsi que sur les travaux de pose, d&#8217;installation et d&#8217;entretien des infrastructures de recharge pour v\u00e9hicules \u00e9lectriques dans les locaux d&#8217;habitation ;<\/p>\n<p>&#8211; l&#8217;actualisation des crit\u00e8res de performance \u00e9nerg\u00e9tique et de qualit\u00e9 environnementale exig\u00e9s pour le b\u00e9n\u00e9fice de l&#8217;allongement de 15 \u00e0 20 ans de la dur\u00e9e d&#8217;exon\u00e9ration de taxe fonci\u00e8re sur les propri\u00e9t\u00e9s b\u00e2ties (TFPB) au profit des constructions de logements sociaux, ainsi qu&#8217;\u00e0 la prorogation, jusqu&#8217;au 31 d\u00e9cembre 2026, de l&#8217;allongement d&#8217;une dur\u00e9e de dix ans de l&#8217;exon\u00e9ration de TFPB au profit des constructions et acquisitions de logements sociaux ayant b\u00e9n\u00e9fici\u00e9 d&#8217;une d\u00e9cision de subvention ou de pr\u00eat aid\u00e9 ;<\/p>\n<p>&#8211; l&#8217;adaptation de la taxe d&#8217;am\u00e9nagement \u00e0 la lutte contre l&#8217;artificialisation des sols et l&#8217;\u00e9talement urbain ;<\/p>\n<p>&#8211; l&#8217;augmentation des tarifs r\u00e9duits d&#8217;accise sur les \u00e9nergies concernant le charbon de 3,2 \u20ac\/MWh sur deux ans, \u00e0 partir de 2024 ;<\/p>\n<p>&#8211; l&#8217;ajustement de la r\u00e9duction d&#8217;imp\u00f4t dont b\u00e9n\u00e9ficient les \u00e9tablissements de cr\u00e9dit et les soci\u00e9t\u00e9s de financement en contrepartie de l&#8217;octroi d&#8217;un pr\u00eat \u00e0 taux z\u00e9ro en faveur des particuliers et des entreprises qui acqui\u00e8rent, sous conditions de ressources et de domiciliation, un v\u00e9hicule l\u00e9ger \u00e0 faibles \u00e9missions (\u00ab PTZ mobilit\u00e9s \u00bb).<\/p>\n<div class=\"copy_photo\">Photo par Tangi Bertin sur Unsplash<\/div>\n","protected":false},"excerpt":{"rendered":"<p>Le projet de loi de finances 2023 a \u00e9t\u00e9 pr\u00e9sent\u00e9 lundi 26 septembre par Bruno Le Maire, ministre de l&#8217;\u00c9conomie, des Finances et de la Souverainet\u00e9 industrielle et num\u00e9rique, et Gabriel Attal, ministre d\u00e9l\u00e9gu\u00e9 charg\u00e9 des Comptes publics. Notre \u00e9quipe fiscale fait le point sur les mesures \u00e0 retenir pour les particuliers et les entreprises&#8230;.<\/p>\n","protected":false},"author":1,"featured_media":18699,"comment_status":"closed","ping_status":"closed","sticky":false,"template":"","format":"standard","meta":{"footnotes":""},"categories":[101],"tags":[50],"class_list":["post-18701","post","type-post","status-publish","format-standard","has-post-thumbnail","hentry","category-nos-news","tag-philippe-a-schmidt"],"_links":{"self":[{"href":"https:\/\/www.sbl.eu\/fr\/wp-json\/wp\/v2\/posts\/18701","targetHints":{"allow":["GET"]}}],"collection":[{"href":"https:\/\/www.sbl.eu\/fr\/wp-json\/wp\/v2\/posts"}],"about":[{"href":"https:\/\/www.sbl.eu\/fr\/wp-json\/wp\/v2\/types\/post"}],"author":[{"embeddable":true,"href":"https:\/\/www.sbl.eu\/fr\/wp-json\/wp\/v2\/users\/1"}],"replies":[{"embeddable":true,"href":"https:\/\/www.sbl.eu\/fr\/wp-json\/wp\/v2\/comments?post=18701"}],"version-history":[{"count":3,"href":"https:\/\/www.sbl.eu\/fr\/wp-json\/wp\/v2\/posts\/18701\/revisions"}],"predecessor-version":[{"id":18704,"href":"https:\/\/www.sbl.eu\/fr\/wp-json\/wp\/v2\/posts\/18701\/revisions\/18704"}],"wp:featuredmedia":[{"embeddable":true,"href":"https:\/\/www.sbl.eu\/fr\/wp-json\/wp\/v2\/media\/18699"}],"wp:attachment":[{"href":"https:\/\/www.sbl.eu\/fr\/wp-json\/wp\/v2\/media?parent=18701"}],"wp:term":[{"taxonomy":"category","embeddable":true,"href":"https:\/\/www.sbl.eu\/fr\/wp-json\/wp\/v2\/categories?post=18701"},{"taxonomy":"post_tag","embeddable":true,"href":"https:\/\/www.sbl.eu\/fr\/wp-json\/wp\/v2\/tags?post=18701"}],"curies":[{"name":"wp","href":"https:\/\/api.w.org\/{rel}","templated":true}]}}