{"id":17891,"date":"2021-10-25T10:57:14","date_gmt":"2021-10-25T08:57:14","guid":{"rendered":"https:\/\/www.sbl.eu\/non-classe\/we-are-delighted-to-announce-that-marie-andre-nivet-has-been-promoted-to-partner\/"},"modified":"2021-10-25T11:13:40","modified_gmt":"2021-10-25T09:13:40","slug":"nous-sommes-heureux-dannoncer-la-nomination-de-marie-andre-nivet-en-tant-quassociee-au-sein-du-cabinet","status":"publish","type":"post","link":"https:\/\/www.sbl.eu\/fr\/nos-equipes\/nous-sommes-heureux-dannoncer-la-nomination-de-marie-andre-nivet-en-tant-quassociee-au-sein-du-cabinet\/","title":{"rendered":"Nous sommes heureux d&#8217;annoncer la nomination de Marie Andr\u00e9-Nivet en tant qu&#8217;associ\u00e9e au sein du cabinet"},"content":{"rendered":"<p><a class=\"fancybox\" href=\"https:\/\/www.sbl.eu\/wp-content\/uploads\/06-marie-andre-nivet.jpg\"><img loading=\"lazy\" decoding=\"async\" src=\"https:\/\/www.sbl.eu\/wp-content\/uploads\/06-marie-andre-nivet-216x300.jpg\" alt=\"Marie Andr\u00e9-Nivet\" width=\"216\" height=\"300\" class=\"alignleft size-medium wp-image-10329\" srcset=\"https:\/\/www.sbl.eu\/wp-content\/uploads\/06-marie-andre-nivet-216x300.jpg 216w, https:\/\/www.sbl.eu\/wp-content\/uploads\/06-marie-andre-nivet-738x1024.jpg 738w, https:\/\/www.sbl.eu\/wp-content\/uploads\/06-marie-andre-nivet-555x770.jpg 555w, https:\/\/www.sbl.eu\/wp-content\/uploads\/06-marie-andre-nivet-360x499.jpg 360w, https:\/\/www.sbl.eu\/wp-content\/uploads\/06-marie-andre-nivet-262x363.jpg 262w, https:\/\/www.sbl.eu\/wp-content\/uploads\/06-marie-andre-nivet.jpg 750w\" sizes=\"auto, (max-width: 216px) 100vw, 216px\" \/><\/a><\/p>\n<p>Titulaire d&#8217;un Master II Propri\u00e9t\u00e9 Intellectuelle et d&#8217;un Magist\u00e8re en droit des Technologies de l&#8217;Information et de la Communication, Marie Andr\u00e9-Nivet a commenc\u00e9 sa carri\u00e8re professionnelle en 2005 en qualit\u00e9 de juriste au P\u00f4le Radio RTL Group puis de charg\u00e9e de mission au P\u00f4le Contentieux du Conseil sup\u00e9rieur de l&#8217;audiovisuel.<\/p>\n<p>Admise au Barreau de Paris en 2010, elle a commenc\u00e9 sa carri\u00e8re d&#8217;avocat au sein de l&#8217;\u00e9quipe de Delphine Brunet-Stoclet du cabinet Schmidt Brunet &#038; associ\u00e9s devenu en 2015 Schmidt Brunet Litzer.<\/p>\n<p>Marie Andr\u00e9-Nivet intervient essentiellement dans le conseil en strat\u00e9gie de protection des droits de propri\u00e9t\u00e9 intellectuelle \u2013 et la d\u00e9fense de ces derniers &#8211; des entreprises, cr\u00e9ateurs ou designers.<\/p>\n<p>Elle a dans ce cadre d\u00e9velopp\u00e9 une forte expertise en ce domaine. Elle accompagne de nombreuses entreprises et entrepreneurs dans l&#8217;optimisation, la structuration et la croissance de leurs portefeuilles de marques et de mod\u00e8les, mais \u00e9galement dans la d\u00e9fense de leurs int\u00e9r\u00eats en mati\u00e8re contentieuse.<\/p>\n<p>Forte de son exp\u00e9rience professionnelle en entreprise, elle s&#8217;attache \u00e0 accompagner et \u00e0 conseiller les clients du cabinet de mani\u00e8re pragmatique, consciente des contraintes qui sont les leurs et de leurs attentes en termes de r\u00e9activit\u00e9 et d&#8217;efficacit\u00e9.<\/p>\n<p>\u00ab <em>Nous saluons l&#8217;investissement sans faille et le travail remarquable effectu\u00e9 par Marie au sein du cabinet depuis plus de dix ans. Nous sommes fiers et heureux de poursuivre cette aventure avec elle en tant qu&#8217;associ\u00e9e, car elle partage notre souci d&#8217;excellence et de satisfaction de nos clients<\/em> \u00bb<br \/>\nDelphine Brunet-Stoclet.<\/p>\n<p> \u00ab <em>C&#8217;est avec grand plaisir que je m&#8217;associe avec mes Confr\u00e8res Delphine Brunet-Stoclet, Philippe Schmidt, B\u00e9n\u00e9dicte Litzler et Aude le Tannou aupr\u00e8s desquels je retrouve les valeurs humaines et professionnelles qui m&#8217;animent.<\/p>\n<p>Je me r\u00e9jouis de poursuivre mon implication aupr\u00e8s de nos Clients dans leur quotidien et leur futur, toujours avec l&#8217;ambition de comprendre leurs sp\u00e9cificit\u00e9s et leurs attentes, d&#8217;anticiper au mieux leurs besoins et de construire, ensemble, le canevas juridique adapt\u00e9 \u00e0 chacun.<\/em> \u00bb<br \/>\nMarie Andr\u00e9-Nivet<\/p>\n","protected":false},"excerpt":{"rendered":"<p>Titulaire d&#8217;un Master II Propri\u00e9t\u00e9 Intellectuelle et d&#8217;un Magist\u00e8re en droit des Technologies de l&#8217;Information et de la Communication, Marie Andr\u00e9-Nivet a commenc\u00e9 sa carri\u00e8re professionnelle en 2005 en qualit\u00e9 de juriste au P\u00f4le Radio RTL Group puis de charg\u00e9e de mission au P\u00f4le Contentieux du Conseil sup\u00e9rieur de l&#8217;audiovisuel. Admise au Barreau de Paris&#8230;<\/p>\n","protected":false},"author":1,"featured_media":10329,"comment_status":"closed","ping_status":"closed","sticky":false,"template":"","format":"standard","meta":{"footnotes":""},"categories":[88],"tags":[68],"class_list":["post-17891","post","type-post","status-publish","format-standard","has-post-thumbnail","hentry","category-nos-equipes","tag-marie-andre-nivet"],"_links":{"self":[{"href":"https:\/\/www.sbl.eu\/fr\/wp-json\/wp\/v2\/posts\/17891","targetHints":{"allow":["GET"]}}],"collection":[{"href":"https:\/\/www.sbl.eu\/fr\/wp-json\/wp\/v2\/posts"}],"about":[{"href":"https:\/\/www.sbl.eu\/fr\/wp-json\/wp\/v2\/types\/post"}],"author":[{"embeddable":true,"href":"https:\/\/www.sbl.eu\/fr\/wp-json\/wp\/v2\/users\/1"}],"replies":[{"embeddable":true,"href":"https:\/\/www.sbl.eu\/fr\/wp-json\/wp\/v2\/comments?post=17891"}],"version-history":[{"count":2,"href":"https:\/\/www.sbl.eu\/fr\/wp-json\/wp\/v2\/posts\/17891\/revisions"}],"predecessor-version":[{"id":17893,"href":"https:\/\/www.sbl.eu\/fr\/wp-json\/wp\/v2\/posts\/17891\/revisions\/17893"}],"wp:featuredmedia":[{"embeddable":true,"href":"https:\/\/www.sbl.eu\/fr\/wp-json\/wp\/v2\/media\/10329"}],"wp:attachment":[{"href":"https:\/\/www.sbl.eu\/fr\/wp-json\/wp\/v2\/media?parent=17891"}],"wp:term":[{"taxonomy":"category","embeddable":true,"href":"https:\/\/www.sbl.eu\/fr\/wp-json\/wp\/v2\/categories?post=17891"},{"taxonomy":"post_tag","embeddable":true,"href":"https:\/\/www.sbl.eu\/fr\/wp-json\/wp\/v2\/tags?post=17891"}],"curies":[{"name":"wp","href":"https:\/\/api.w.org\/{rel}","templated":true}]}}