{"id":17299,"date":"2020-05-15T06:04:19","date_gmt":"2020-05-15T04:04:19","guid":{"rendered":"https:\/\/www.sbl.eu\/non-classe\/french-tax-law-solidarity-operations-associating-your-companys-name-with-charitable-operations-does-not-mean-giving-up-your-charitable-donation-tax-deduction\/"},"modified":"2020-05-15T12:17:07","modified_gmt":"2020-05-15T10:17:07","slug":"fiscalite-operations-de-solidarite-lassociation-du-nom-dune-entreprise-nempeche-pas-de-beneficier-de-la-reduction-dimpot-mecenat","status":"publish","type":"post","link":"https:\/\/www.sbl.eu\/fr\/nos-news\/fiscalite-operations-de-solidarite-lassociation-du-nom-dune-entreprise-nempeche-pas-de-beneficier-de-la-reduction-dimpot-mecenat\/","title":{"rendered":"Fiscalit\u00e9 | Op\u00e9rations de solidarit\u00e9\u00a0: l&#8217;association du nom d&#8217;une entreprise n&#8217;emp\u00eache pas de b\u00e9n\u00e9ficier de la r\u00e9duction d&#8217;imp\u00f4t m\u00e9c\u00e9nat"},"content":{"rendered":"<p>Crise sanitaire sans pr\u00e9c\u00e9dent, situation \u00e9conomique extr\u00eamement compliqu\u00e9e, solidarit\u00e9\u2026 Voici les mots que l&#8217;on ne cesse d&#8217;entendre \u00e0 l&#8217;heure actuelle.<\/p>\n<p>La solidarit\u00e9 avec les soignants, avec les h\u00f4pitaux mais aussi avec les des organismes d&#8217;int\u00e9r\u00eat g\u00e9n\u00e9ral.<\/p>\n<p>Cette solidarit\u00e9 peut se mat\u00e9rialiser par des dons en num\u00e9raire ou en nature.<\/p>\n<p>Les entreprises donatrices peuvent-elles b\u00e9n\u00e9ficier d&#8217;une r\u00e9duction d&#8217;imp\u00f4t ?<\/p>\n<p>La r\u00e9ponse est oui mais sous r\u00e9serve de respecter un certain nombre de conditions.<\/p>\n<p>Ainsi, les versements effectu\u00e9s (en num\u00e9raire ou en nature) par les entreprises, assujetties \u00e0 l&#8217;imp\u00f4t sur le revenu ou \u00e0 l&#8217;imp\u00f4t sur les soci\u00e9t\u00e9s, au profit d&#8217;\u0153uvres ou d&#8217;organismes d&#8217;int\u00e9r\u00eat g\u00e9n\u00e9ral, peuvent ouvrir droit \u00e0 une r\u00e9duction d&#8217;imp\u00f4t \u00e9gale \u00e0 60 % du montant des versements pris dans la limite de 10 000 euros, ou \u00e0 5 pour mille du chiffre d&#8217;affaires lorsque ce dernier montant est plus \u00e9lev\u00e9 (<strong><em>R\u00e9duction d&#8217;Imp\u00f4t M\u00e9c\u00e9nat<\/em><\/strong>).<\/p>\n<p>Le b\u00e9n\u00e9fice de la R\u00e9duction d&#8217;Imp\u00f4t M\u00e9c\u00e9nat est notamment subordonn\u00e9e aux respect des conditions suivantes :<\/p>\n<p>    &#8211; Le versement doit \u00eatre effectu\u00e9 au profit d&#8217;organismes \u00e9ligibles \u00e0 la R\u00e9duction d&#8217;Imp\u00f4t M\u00e9c\u00e9nat tel que des fondations ou associations reconnues d&#8217;utilit\u00e9 publique, des organismes d&#8217;int\u00e9r\u00eat g\u00e9n\u00e9ral ayant un caract\u00e8re scientifique, social, humanitaire, familial&#8230;<\/p>\n<p>    &#8211; Le versement doit proc\u00e9der d&#8217;une intention lib\u00e9rale de l&#8217;entreprise. Ce versement ne doit donc pas \u00eatre la contrepartie, directe ou indirecte, d&#8217;une prestation que l&#8217;organisme a effectu\u00e9e au profit de l&#8217;entreprise versante.<\/p>\n<p>L&#8217;administration fiscale admet n\u00e9anmoins que le fait pour une entreprise versante d&#8217;associer son nom aux op\u00e9rations r\u00e9alis\u00e9es par l&#8217;organisme b\u00e9n\u00e9ficiaire du versement n&#8217;est pas une contrepartie susceptible de priver ladite entreprise de la R\u00e9duction d&#8217;Imp\u00f4t M\u00e9c\u00e9nat, si cette contrepartie ne constitue pas une prestation publicitaire fournie par l&#8217;organisme b\u00e9n\u00e9ficiaire \u00e0 l&#8217;entreprise versante.<\/p>\n<p>Ainsi, l&#8217;association du nom de l&#8217;entreprise versante aux op\u00e9rations r\u00e9alis\u00e9es par l&#8217;organisme b\u00e9n\u00e9ficiaire ne remettra pas en cause le b\u00e9n\u00e9fice de la R\u00e9duction d&#8217;Imp\u00f4t M\u00e9c\u00e9nat \u00e0 condition que la valorisation du nom de l&#8217;entreprise ne repr\u00e9sente, pour cette derni\u00e8re, qu&#8217;une contrepartie tr\u00e8s inf\u00e9rieure au montant du versement effectu\u00e9.<\/p>\n<p>C&#8217;est ce que vient de rappeler le Conseil d&#8217;\u00c9tat dans une d\u00e9cision en date du 20 mars 2020.<\/p>\n<p>Une soci\u00e9t\u00e9 avait consenti des dons \u00e0 une association d&#8217;int\u00e9r\u00eat g\u00e9n\u00e9ral dont l&#8217;objet \u00e9tait de promouvoir le sport automobile f\u00e9minin. Le nom de cette soci\u00e9t\u00e9 avait alors \u00e9t\u00e9 appos\u00e9 sur l&#8217;ensemble des v\u00e9hicules de course.<\/p>\n<p>L&#8217;administration fiscale avait remis en cause le b\u00e9n\u00e9fice de la R\u00e9duction d&#8217;Imp\u00f4t M\u00e9c\u00e9nat consid\u00e9rant que la soci\u00e9t\u00e9 avait b\u00e9n\u00e9fici\u00e9 d&#8217;une prestation publicitaire de la part de l&#8217;association.<\/p>\n<p>Le Conseil d&#8217;\u00c9tat a valid\u00e9 la position de l&#8217;administration et a rappel\u00e9 qu&#8217;en cas d&#8217;apposition du nom de l&#8217;entreprise versante, il convient de rechercher la valeur \u00e9conomique de l&#8217;avantage obtenu par la soci\u00e9t\u00e9 versante et que pour b\u00e9n\u00e9ficier de la R\u00e9duction d&#8217;Imp\u00f4t M\u00e9c\u00e9nat il doit exister une disproportion cons\u00e9quente entre le montant du don et celui de la contrepartie re\u00e7ue.<\/p>\n<div class=\"copy_photo\">Photo par Kelly Sikkema sur Unsplash<\/div>\n","protected":false},"excerpt":{"rendered":"<p>Crise sanitaire sans pr\u00e9c\u00e9dent, situation \u00e9conomique extr\u00eamement compliqu\u00e9e, solidarit\u00e9\u2026 Voici les mots que l&#8217;on ne cesse d&#8217;entendre \u00e0 l&#8217;heure actuelle. La solidarit\u00e9 avec les soignants, avec les h\u00f4pitaux mais aussi avec les des organismes d&#8217;int\u00e9r\u00eat g\u00e9n\u00e9ral. Cette solidarit\u00e9 peut se mat\u00e9rialiser par des dons en num\u00e9raire ou en nature. Les entreprises donatrices peuvent-elles b\u00e9n\u00e9ficier d&#8217;une&#8230;<\/p>\n","protected":false},"author":1,"featured_media":17298,"comment_status":"closed","ping_status":"closed","sticky":false,"template":"","format":"standard","meta":{"footnotes":""},"categories":[101],"tags":[50],"class_list":["post-17299","post","type-post","status-publish","format-standard","has-post-thumbnail","hentry","category-nos-news","tag-philippe-a-schmidt"],"_links":{"self":[{"href":"https:\/\/www.sbl.eu\/fr\/wp-json\/wp\/v2\/posts\/17299","targetHints":{"allow":["GET"]}}],"collection":[{"href":"https:\/\/www.sbl.eu\/fr\/wp-json\/wp\/v2\/posts"}],"about":[{"href":"https:\/\/www.sbl.eu\/fr\/wp-json\/wp\/v2\/types\/post"}],"author":[{"embeddable":true,"href":"https:\/\/www.sbl.eu\/fr\/wp-json\/wp\/v2\/users\/1"}],"replies":[{"embeddable":true,"href":"https:\/\/www.sbl.eu\/fr\/wp-json\/wp\/v2\/comments?post=17299"}],"version-history":[{"count":3,"href":"https:\/\/www.sbl.eu\/fr\/wp-json\/wp\/v2\/posts\/17299\/revisions"}],"predecessor-version":[{"id":17303,"href":"https:\/\/www.sbl.eu\/fr\/wp-json\/wp\/v2\/posts\/17299\/revisions\/17303"}],"wp:featuredmedia":[{"embeddable":true,"href":"https:\/\/www.sbl.eu\/fr\/wp-json\/wp\/v2\/media\/17298"}],"wp:attachment":[{"href":"https:\/\/www.sbl.eu\/fr\/wp-json\/wp\/v2\/media?parent=17299"}],"wp:term":[{"taxonomy":"category","embeddable":true,"href":"https:\/\/www.sbl.eu\/fr\/wp-json\/wp\/v2\/categories?post=17299"},{"taxonomy":"post_tag","embeddable":true,"href":"https:\/\/www.sbl.eu\/fr\/wp-json\/wp\/v2\/tags?post=17299"}],"curies":[{"name":"wp","href":"https:\/\/api.w.org\/{rel}","templated":true}]}}