{"id":12421,"date":"2018-09-26T14:24:49","date_gmt":"2018-09-26T12:24:49","guid":{"rendered":"https:\/\/www.sbl.eu\/?p=12421"},"modified":"2018-09-26T14:24:49","modified_gmt":"2018-09-26T12:24:49","slug":"offre-de-stage-departement-droit-social-6-mois","status":"publish","type":"post","link":"https:\/\/www.sbl.eu\/fr\/nos-equipes\/offre-de-stage-departement-droit-social-6-mois\/","title":{"rendered":"OFFRE DE STAGE | D\u00e9partement Droit Social &#8211; 6 mois"},"content":{"rendered":"<p>Au sein de notre d\u00e9partement Droite Social, nous recherchons un(e) stagiaire \u00e0 partir de janvier 2019 pour 6 mois.<\/p>\n<p>Missions\u00a0: Au sein d&#8217;une \u00e9quipe en droit social (1 associ\u00e9e et 2 collaboratrices), vous serez amen\u00e9(e) \u00e0 intervenir sur des probl\u00e9matiques individuelles et collectives pour le compte d&#8217;une client\u00e8le principalement fran\u00e7aise mais \u00e9galement internationale.<br \/>\n\u00a0<br \/>\nProfil\u00a0: Candidat(e) titulaire d&#8217;un Master Il en droit social, avec une tr\u00e8s bonne ma\u00eetrise de l&#8217;anglais. Vous devez \u00eatre dot\u00e9(e) d&#8217;une personnalit\u00e9 dynamique et faire preuve d&#8217;une grande rigueur et d&#8217;implication dans les dossiers mais aussi dans la vie du cabinet. <\/p>\n<p>Envoyez vos CV et lettre de candidature \u00e0\u00a0: <\/p>\n<p>B\u00e9n\u00e9dicte Litzler<br \/>\n<a href=\"&#x6d;&#97;&#x69;&#x6c;t&#x6f;&#58;b&#x6c;&#105;t&#x7a;&#108;&#x65;&#x72;&#64;&#x73;&#98;l&#x2e;&#101;u\">&#x62;&#x6c;&#x69;&#x74;&#122;&#108;&#101;r&#64;&#x73;&#x62;&#x6c;&#x2e;&#x65;&#117;<\/a><br \/>\n\u00a0<br \/>\net<\/p>\n<p>La\u00ebtitia Le Bars<br \/>\n<a href=\"&#x6d;&#97;i&#x6c;&#116;o&#x3a;&#x6c;&#108;&#x65;&#x62;&#97;r&#x73;&#64;s&#x62;&#x6c;&#46;&#x65;&#x75;\">&#x6c;l&#x65;&#98;a&#x72;&#115;&#x40;&#115;b&#x6c;&#46;&#x65;&#117;<\/a><\/p>\n","protected":false},"excerpt":{"rendered":"<p>Au sein de notre d\u00e9partement Droite Social, nous recherchons un(e) stagiaire \u00e0 partir de janvier 2019 pour 6 mois. Missions\u00a0: Au sein d&#8217;une \u00e9quipe en droit social (1 associ\u00e9e et 2 collaboratrices), vous serez amen\u00e9(e) \u00e0 intervenir sur des probl\u00e9matiques individuelles et collectives pour le compte d&#8217;une client\u00e8le principalement fran\u00e7aise mais \u00e9galement internationale. \u00a0 Profil\u00a0:&#8230;<\/p>\n","protected":false},"author":1,"featured_media":0,"comment_status":"closed","ping_status":"closed","sticky":false,"template":"","format":"standard","meta":{"footnotes":""},"categories":[88],"tags":[58],"class_list":["post-12421","post","type-post","status-publish","format-standard","hentry","category-nos-equipes","tag-benedicte-litzler"],"_links":{"self":[{"href":"https:\/\/www.sbl.eu\/fr\/wp-json\/wp\/v2\/posts\/12421","targetHints":{"allow":["GET"]}}],"collection":[{"href":"https:\/\/www.sbl.eu\/fr\/wp-json\/wp\/v2\/posts"}],"about":[{"href":"https:\/\/www.sbl.eu\/fr\/wp-json\/wp\/v2\/types\/post"}],"author":[{"embeddable":true,"href":"https:\/\/www.sbl.eu\/fr\/wp-json\/wp\/v2\/users\/1"}],"replies":[{"embeddable":true,"href":"https:\/\/www.sbl.eu\/fr\/wp-json\/wp\/v2\/comments?post=12421"}],"version-history":[{"count":1,"href":"https:\/\/www.sbl.eu\/fr\/wp-json\/wp\/v2\/posts\/12421\/revisions"}],"predecessor-version":[{"id":12422,"href":"https:\/\/www.sbl.eu\/fr\/wp-json\/wp\/v2\/posts\/12421\/revisions\/12422"}],"wp:attachment":[{"href":"https:\/\/www.sbl.eu\/fr\/wp-json\/wp\/v2\/media?parent=12421"}],"wp:term":[{"taxonomy":"category","embeddable":true,"href":"https:\/\/www.sbl.eu\/fr\/wp-json\/wp\/v2\/categories?post=12421"},{"taxonomy":"post_tag","embeddable":true,"href":"https:\/\/www.sbl.eu\/fr\/wp-json\/wp\/v2\/tags?post=12421"}],"curies":[{"name":"wp","href":"https:\/\/api.w.org\/{rel}","templated":true}]}}