{"id":12416,"date":"2018-09-26T14:14:40","date_gmt":"2018-09-26T12:14:40","guid":{"rendered":"https:\/\/www.sbl.eu\/?p=12416"},"modified":"2018-09-26T14:18:45","modified_gmt":"2018-09-26T12:18:45","slug":"offre-de-stage-departement-propriete-intellectuelle-ntic-6-mois","status":"publish","type":"post","link":"https:\/\/www.sbl.eu\/fr\/nos-equipes\/offre-de-stage-departement-propriete-intellectuelle-ntic-6-mois\/","title":{"rendered":"OFFRE DE STAGE | D\u00e9partement Propri\u00e9t\u00e9 Intellectuelle\/NTIC &#8211; 6 mois"},"content":{"rendered":"<p>Au sein de notre d\u00e9partement Propri\u00e9t\u00e9 Intellectuelle\/NTIC, nous recherchons un(e) stagiaire \u00e0 partir de janvier 2019 pour 6 mois.<\/p>\n<p>Missions\u00a0:<\/p>\n<p>&#8211; Il\/Elle traitera essentiellement de dossiers en mati\u00e8re de droit de la propri\u00e9t\u00e9 intellectuelle (Marques, Dessins et mod\u00e8les, Droit d\u2019Auteur) \u00e0 toutes les \u00e9tapes de traitement des dossiers tant en conseil qu\u2019en contentieux.<\/p>\n<p>&#8211; Il\/Elle sera notamment amen\u00e9(e) \u00e0 intervenir en mati\u00e8re de recherches d&#8217;ant\u00e9riorit\u00e9s, de gestion de droits (d\u00e9p\u00f4ts, renouvellements), de pr\u00e9contentieux et d\u2019oppositions (INPI, EUIPO), de contentieux commerciaux et sp\u00e9cifique Propri\u00e9t\u00e9 intellectuelle.<\/p>\n<p>Profil\u00a0: Personne s\u00e9rieuse, curieuse, impliqu\u00e9e et motiv\u00e9e, ayant de solides connaissances en droit de la propri\u00e9t\u00e9 intellectuelle (Master sp\u00e9cialis\u00e9). Une premi\u00e8re exp\u00e9rience en cabinet d\u2019avocats, de CPI ou dans un service juridique en propri\u00e9t\u00e9 intellectuelle serait appr\u00e9ci\u00e9e. Anglais courant. <\/p>\n<p>Envoyez vos CV et lettre de candidature \u00e0\u00a0: <\/p>\n<p>Marie Andr\u00e9-Nivet\u00a0<br \/>\n<a href=\"&#109;&#x61;i&#108;&#x74;o&#x3a;&#x6d;&#97;&#x6e;d&#114;&#x65;&#64;&#115;&#x62;&#108;&#x2e;e&#117;\">&#109;&#x61;n&#x64;&#x72;&#101;&#x40;s&#98;&#x6c;&#46;&#x65;u<\/a> \u00a0<br \/>\n\u00a0<br \/>\net<\/p>\n<p>Delphine Brunet-Stoclet\u00a0<br \/>\n<a href=\"&#x6d;&#97;&#x69;&#x6c;&#116;&#x6f;&#x3a;&#100;&#x62;&#x72;&#117;&#x6e;&#x65;t&#x40;&#x73;b&#x6c;&#46;e&#x75;\">&#100;b&#x72;u&#x6e;e&#x74;&#64;&#x73;&#98;&#x6c;&#46;&#x65;&#117;<\/a> <\/p>\n","protected":false},"excerpt":{"rendered":"<p>Au sein de notre d\u00e9partement Propri\u00e9t\u00e9 Intellectuelle\/NTIC, nous recherchons un(e) stagiaire \u00e0 partir de janvier 2019 pour 6 mois. Missions\u00a0: &#8211; Il\/Elle traitera essentiellement de dossiers en mati\u00e8re de droit de la propri\u00e9t\u00e9 intellectuelle (Marques, Dessins et mod\u00e8les, Droit d\u2019Auteur) \u00e0 toutes les \u00e9tapes de traitement des dossiers tant en conseil qu\u2019en contentieux. &#8211; Il\/Elle&#8230;<\/p>\n","protected":false},"author":1,"featured_media":0,"comment_status":"closed","ping_status":"closed","sticky":false,"template":"","format":"standard","meta":{"footnotes":""},"categories":[88],"tags":[56,68],"class_list":["post-12416","post","type-post","status-publish","format-standard","hentry","category-nos-equipes","tag-delphine-brunet-stoclet","tag-marie-andre-nivet"],"_links":{"self":[{"href":"https:\/\/www.sbl.eu\/fr\/wp-json\/wp\/v2\/posts\/12416","targetHints":{"allow":["GET"]}}],"collection":[{"href":"https:\/\/www.sbl.eu\/fr\/wp-json\/wp\/v2\/posts"}],"about":[{"href":"https:\/\/www.sbl.eu\/fr\/wp-json\/wp\/v2\/types\/post"}],"author":[{"embeddable":true,"href":"https:\/\/www.sbl.eu\/fr\/wp-json\/wp\/v2\/users\/1"}],"replies":[{"embeddable":true,"href":"https:\/\/www.sbl.eu\/fr\/wp-json\/wp\/v2\/comments?post=12416"}],"version-history":[{"count":3,"href":"https:\/\/www.sbl.eu\/fr\/wp-json\/wp\/v2\/posts\/12416\/revisions"}],"predecessor-version":[{"id":12420,"href":"https:\/\/www.sbl.eu\/fr\/wp-json\/wp\/v2\/posts\/12416\/revisions\/12420"}],"wp:attachment":[{"href":"https:\/\/www.sbl.eu\/fr\/wp-json\/wp\/v2\/media?parent=12416"}],"wp:term":[{"taxonomy":"category","embeddable":true,"href":"https:\/\/www.sbl.eu\/fr\/wp-json\/wp\/v2\/categories?post=12416"},{"taxonomy":"post_tag","embeddable":true,"href":"https:\/\/www.sbl.eu\/fr\/wp-json\/wp\/v2\/tags?post=12416"}],"curies":[{"name":"wp","href":"https:\/\/api.w.org\/{rel}","templated":true}]}}