{"id":12103,"date":"2018-04-19T11:27:11","date_gmt":"2018-04-19T09:27:11","guid":{"rendered":"https:\/\/www.sbl.eu\/?p=12103"},"modified":"2018-04-19T11:28:22","modified_gmt":"2018-04-19T09:28:22","slug":"offre-de-stage-nous-recherchons-pour-notre-departement-propriete-intellectuelle-ntic-une-stagiaire-de-septembre-a-decembre-2018","status":"publish","type":"post","link":"https:\/\/www.sbl.eu\/fr\/nos-equipes\/offre-de-stage-nous-recherchons-pour-notre-departement-propriete-intellectuelle-ntic-une-stagiaire-de-septembre-a-decembre-2018\/","title":{"rendered":"OFFRE DE STAGE | Nous recherchons pour notre d\u00e9partement Propri\u00e9t\u00e9 Intellectuelle\/NTIC un(e) stagiaire, de septembre \u00e0 d\u00e9cembre 2018."},"content":{"rendered":"<p>Le\/La candidat(e) doit disposer de tr\u00e8s bonnes connaissances en droit des marques. Une premi\u00e8re exp\u00e9rience en cabinet d&#8217;avocats, de CPI ou dans un service juridique en propri\u00e9t\u00e9 intellectuelle serait appr\u00e9ci\u00e9e.<\/p>\n<p>Il\/Elle traitera essentiellement de dossiers en mati\u00e8re de droit de la propri\u00e9t\u00e9 intellectuelle (Marques, Dessins et mod\u00e8les, Droit d&#8217;Auteur) \u00e0 toutes les \u00e9tapes de traitement des dossiers tant en conseil qu&#8217;en contentieux. Il\/Elle sera notamment amen\u00e9(e) \u00e0 intervenir en mati\u00e8re de recherches d&#8217;ant\u00e9riorit\u00e9s, de gestion de droits (d\u00e9p\u00f4ts, renouvellements), de pr\u00e9contentieux et d&#8217;oppositions (INPI, EUIPO), de contentieux commerciaux et sp\u00e9cifique Propri\u00e9t\u00e9 intellectuelle.<\/p>\n<p>Profil du candidat\u00a0: personne s\u00e9rieuse, curieuse, impliqu\u00e9e et motiv\u00e9e, ayant de solides connaissances en droit de la propri\u00e9t\u00e9 intellectuelle (Master sp\u00e9cialis\u00e9).<br \/>\n\u00a0<br \/>\n&#8211; Dur\u00e9e de contrat \u00a0:\u00a04 mois<br \/>\n&#8211; Date d&#8217;entr\u00e9e en poste\u00a0:\u00a01er septembre 2018<br \/>\n&#8211; Niveau d&#8217;anglais demand\u00e9\u00a0:\u00a0courant<br \/>\n&#8211; Fonction\u00a0:\u00a0stage au sein du d\u00e9partement Propri\u00e9t\u00e9 Intellectuelle<\/p>\n<p>Envoyez vos CV et lettre de candidature \u00e0\u00a0:<\/p>\n<p>Marie Andr\u00e9-Nivet \/ Avocat \/ &#x6d;&#x61;&#x6e;&#100;&#114;&#101;&#64;s&#x62;&#x6c;&#x2e;&#x65;&#117; \u00a0<br \/>\nET<br \/>\nDelphine Brunet-Stoclet \/ Avocat Associ\u00e9 \/ &#100;&#x62;r&#x75;&#x6e;&#101;&#x74;&#64;&#115;&#x62;&#108;&#x2e;e&#117;<\/p>\n","protected":false},"excerpt":{"rendered":"<p>Le\/La candidat(e) doit disposer de tr\u00e8s bonnes connaissances en droit des marques. Une premi\u00e8re exp\u00e9rience en cabinet d&#8217;avocats, de CPI ou dans un service juridique en propri\u00e9t\u00e9 intellectuelle serait appr\u00e9ci\u00e9e. Il\/Elle traitera essentiellement de dossiers en mati\u00e8re de droit de la propri\u00e9t\u00e9 intellectuelle (Marques, Dessins et mod\u00e8les, Droit d&#8217;Auteur) \u00e0 toutes les \u00e9tapes de traitement&#8230;<\/p>\n","protected":false},"author":1,"featured_media":0,"comment_status":"closed","ping_status":"closed","sticky":false,"template":"","format":"standard","meta":{"footnotes":""},"categories":[88],"tags":[56,68,103],"class_list":["post-12103","post","type-post","status-publish","format-standard","hentry","category-nos-equipes","tag-delphine-brunet-stoclet","tag-marie-andre-nivet","tag-marion-bombard"],"_links":{"self":[{"href":"https:\/\/www.sbl.eu\/fr\/wp-json\/wp\/v2\/posts\/12103","targetHints":{"allow":["GET"]}}],"collection":[{"href":"https:\/\/www.sbl.eu\/fr\/wp-json\/wp\/v2\/posts"}],"about":[{"href":"https:\/\/www.sbl.eu\/fr\/wp-json\/wp\/v2\/types\/post"}],"author":[{"embeddable":true,"href":"https:\/\/www.sbl.eu\/fr\/wp-json\/wp\/v2\/users\/1"}],"replies":[{"embeddable":true,"href":"https:\/\/www.sbl.eu\/fr\/wp-json\/wp\/v2\/comments?post=12103"}],"version-history":[{"count":1,"href":"https:\/\/www.sbl.eu\/fr\/wp-json\/wp\/v2\/posts\/12103\/revisions"}],"predecessor-version":[{"id":12104,"href":"https:\/\/www.sbl.eu\/fr\/wp-json\/wp\/v2\/posts\/12103\/revisions\/12104"}],"wp:attachment":[{"href":"https:\/\/www.sbl.eu\/fr\/wp-json\/wp\/v2\/media?parent=12103"}],"wp:term":[{"taxonomy":"category","embeddable":true,"href":"https:\/\/www.sbl.eu\/fr\/wp-json\/wp\/v2\/categories?post=12103"},{"taxonomy":"post_tag","embeddable":true,"href":"https:\/\/www.sbl.eu\/fr\/wp-json\/wp\/v2\/tags?post=12103"}],"curies":[{"name":"wp","href":"https:\/\/api.w.org\/{rel}","templated":true}]}}