{"id":12100,"date":"2018-04-19T10:55:32","date_gmt":"2018-04-19T08:55:32","guid":{"rendered":"https:\/\/www.sbl.eu\/?p=12100"},"modified":"2018-04-24T18:13:43","modified_gmt":"2018-04-24T16:13:43","slug":"rgpd-nouvelles-dates-devant-succes-de-premiere-conference-savoir-1h30-rgpd-consequences-entreprise-lequipe-propriete-intellectuelle-a-pla","status":"publish","type":"post","link":"https:\/\/www.sbl.eu\/fr\/nos-interventions\/rgpd-nouvelles-dates-devant-succes-de-premiere-conference-savoir-1h30-rgpd-consequences-entreprise-lequipe-propriete-intellectuelle-a-pla\/","title":{"rendered":"RGPD Nouvelles Dates | Devant le succ\u00e8s de notre premi\u00e8re conf\u00e9rence \u00ab Tout savoir en 1h30 sur le RGPD et ses cons\u00e9quences pour votre entreprise \u00bb, l&#8217;\u00e9quipe Propri\u00e9t\u00e9 Intellectuelle a le plaisir de vous convier \u00e0 deux nouvelles dates."},"content":{"rendered":"<p>A 8h30 les jeudi 3 mai et mercredi 16 mai .<\/p>\n<p>Quelles d\u00e9marches entreprendre ? Comment d\u00e9terminer votre statut ?<br \/>\nComment r\u00e9aliser et conserver le registre de traitement ?<br \/>\nQuand et comment ex\u00e9cuter les analyses d&#8217;impact ?<br \/>\nQui sera votre d\u00e9l\u00e9gu\u00e9 \u00e0 la protection des donn\u00e9es ?<br \/>\nQue faire en cas de violation des donn\u00e9es personnelles ?<br \/>\nComment g\u00e9rer le transfert des donn\u00e9es ?&#8230;<br \/>\n&#8230;tous les sujets seront abord\u00e9s et nous r\u00e9pondrons avec plaisir \u00e0 vos questions.<\/p>\n<p>Nombre de places limit\u00e9, inscription par mail \u00e0 &#x70;&#x61;&#x72;&#x69;&#x73;&#x40;&#x73;&#x62;&#x6c;&#x2e;&#x65;&#x75; en pr\u00e9cisant votre pr\u00e9f\u00e9rence pour la date.<\/p>\n","protected":false},"excerpt":{"rendered":"<p>A 8h30 les jeudi 3 mai et mercredi 16 mai . Quelles d\u00e9marches entreprendre ? Comment d\u00e9terminer votre statut ? Comment r\u00e9aliser et conserver le registre de traitement ? Quand et comment ex\u00e9cuter les analyses d&#8217;impact ? Qui sera votre d\u00e9l\u00e9gu\u00e9 \u00e0 la protection des donn\u00e9es ? Que faire en cas de violation des donn\u00e9es&#8230;<\/p>\n","protected":false},"author":1,"featured_media":0,"comment_status":"closed","ping_status":"closed","sticky":false,"template":"","format":"standard","meta":{"footnotes":""},"categories":[47],"tags":[56,68,103],"class_list":["post-12100","post","type-post","status-publish","format-standard","hentry","category-nos-interventions","tag-delphine-brunet-stoclet","tag-marie-andre-nivet","tag-marion-bombard"],"_links":{"self":[{"href":"https:\/\/www.sbl.eu\/fr\/wp-json\/wp\/v2\/posts\/12100","targetHints":{"allow":["GET"]}}],"collection":[{"href":"https:\/\/www.sbl.eu\/fr\/wp-json\/wp\/v2\/posts"}],"about":[{"href":"https:\/\/www.sbl.eu\/fr\/wp-json\/wp\/v2\/types\/post"}],"author":[{"embeddable":true,"href":"https:\/\/www.sbl.eu\/fr\/wp-json\/wp\/v2\/users\/1"}],"replies":[{"embeddable":true,"href":"https:\/\/www.sbl.eu\/fr\/wp-json\/wp\/v2\/comments?post=12100"}],"version-history":[{"count":3,"href":"https:\/\/www.sbl.eu\/fr\/wp-json\/wp\/v2\/posts\/12100\/revisions"}],"predecessor-version":[{"id":12112,"href":"https:\/\/www.sbl.eu\/fr\/wp-json\/wp\/v2\/posts\/12100\/revisions\/12112"}],"wp:attachment":[{"href":"https:\/\/www.sbl.eu\/fr\/wp-json\/wp\/v2\/media?parent=12100"}],"wp:term":[{"taxonomy":"category","embeddable":true,"href":"https:\/\/www.sbl.eu\/fr\/wp-json\/wp\/v2\/categories?post=12100"},{"taxonomy":"post_tag","embeddable":true,"href":"https:\/\/www.sbl.eu\/fr\/wp-json\/wp\/v2\/tags?post=12100"}],"curies":[{"name":"wp","href":"https:\/\/api.w.org\/{rel}","templated":true}]}}