{"id":11937,"date":"2017-11-21T16:15:42","date_gmt":"2017-11-21T14:15:42","guid":{"rendered":"https:\/\/www.sbl.eu\/non-classe\/because-our-commitment-is-to-help-our-clients-to-develop-and-succeed-in-france-and-all-over-the-world-we-are-partner-with-cci-paris-for-rencontres-export-on-monday-november-27th-2\/"},"modified":"2019-08-26T18:00:45","modified_gmt":"2019-08-26T16:00:45","slug":"parce-que-notre-raison-detre-cest-la-croissance-et-la-reussite-de-nos-clients-nous-serons-presents-aux-rencontres-export-organisees-par-la-cci-paris-le-lundi-27-novembre","status":"publish","type":"post","link":"https:\/\/www.sbl.eu\/fr\/nos-interventions\/parce-que-notre-raison-detre-cest-la-croissance-et-la-reussite-de-nos-clients-nous-serons-presents-aux-rencontres-export-organisees-par-la-cci-paris-le-lundi-27-novembre\/","title":{"rendered":"Parce que notre raison d&#8217;\u00eatre c&#8217;est la croissance et la r\u00e9ussite de nos clients, nous serons pr\u00e9sents aux Rencontres Export organis\u00e9es par la CCI Paris le lundi 27 novembre."},"content":{"rendered":"<p>Conf\u00e9rences, ateliers, et tables rondes, venez nombreux assister \u00e0 cette journ\u00e9e, o\u00f9 vous pourrez aussi nous poser toutes les questions qui vous concernent sur l&#8217;export\u00a0: contrat de distribution, droit du travail, propri\u00e9t\u00e9 intellectuelle, statuts juridiques, &#8230;<\/p>\n","protected":false},"excerpt":{"rendered":"<p>Conf\u00e9rences, ateliers, et tables rondes, venez nombreux assister \u00e0 cette journ\u00e9e, o\u00f9 vous pourrez aussi nous poser toutes les questions qui vous concernent sur l&#8217;export\u00a0: contrat de distribution, droit du travail, propri\u00e9t\u00e9 intellectuelle, statuts juridiques, &#8230;<\/p>\n","protected":false},"author":1,"featured_media":0,"comment_status":"closed","ping_status":"closed","sticky":false,"template":"","format":"standard","meta":{"footnotes":""},"categories":[47],"tags":[58,56,50],"class_list":["post-11937","post","type-post","status-publish","format-standard","hentry","category-nos-interventions","tag-benedicte-litzler","tag-delphine-brunet-stoclet","tag-philippe-a-schmidt"],"_links":{"self":[{"href":"https:\/\/www.sbl.eu\/fr\/wp-json\/wp\/v2\/posts\/11937","targetHints":{"allow":["GET"]}}],"collection":[{"href":"https:\/\/www.sbl.eu\/fr\/wp-json\/wp\/v2\/posts"}],"about":[{"href":"https:\/\/www.sbl.eu\/fr\/wp-json\/wp\/v2\/types\/post"}],"author":[{"embeddable":true,"href":"https:\/\/www.sbl.eu\/fr\/wp-json\/wp\/v2\/users\/1"}],"replies":[{"embeddable":true,"href":"https:\/\/www.sbl.eu\/fr\/wp-json\/wp\/v2\/comments?post=11937"}],"version-history":[{"count":2,"href":"https:\/\/www.sbl.eu\/fr\/wp-json\/wp\/v2\/posts\/11937\/revisions"}],"predecessor-version":[{"id":15247,"href":"https:\/\/www.sbl.eu\/fr\/wp-json\/wp\/v2\/posts\/11937\/revisions\/15247"}],"wp:attachment":[{"href":"https:\/\/www.sbl.eu\/fr\/wp-json\/wp\/v2\/media?parent=11937"}],"wp:term":[{"taxonomy":"category","embeddable":true,"href":"https:\/\/www.sbl.eu\/fr\/wp-json\/wp\/v2\/categories?post=11937"},{"taxonomy":"post_tag","embeddable":true,"href":"https:\/\/www.sbl.eu\/fr\/wp-json\/wp\/v2\/tags?post=11937"}],"curies":[{"name":"wp","href":"https:\/\/api.w.org\/{rel}","templated":true}]}}